{"id":982,"date":"2017-10-04T14:05:01","date_gmt":"2017-10-04T12:05:01","guid":{"rendered":"http:\/\/www.parchemins.bzh\/?p=982"},"modified":"2018-01-09T16:15:08","modified_gmt":"2018-01-09T15:15:08","slug":"yves-jeannes-la-biere-et-le-vent","status":"publish","type":"post","link":"http:\/\/www.parchemins.bzh\/index.php\/yves-jeannes-la-biere-et-le-vent\/","title":{"rendered":"Yves Jeannes, la bi\u00e8re et le vent"},"content":{"rendered":"<p style=\"text-align: justify;\"><em>C&rsquo;est avec une profonde tristesse que nous venons d&rsquo;apprendre le d\u00e9c\u00e8s de Yves Jeannes, dont nous vous proposions le portrait sur ce site. L&rsquo;ensemble de l&rsquo;\u00e9quipe Parchemins exprime ses condol\u00e9ances \u00e0 la famille et aux proches d\u2019Yves.<\/em><\/p>\n<p>&nbsp;<\/p>\n<p style=\"text-align: justify;\">Aujourd\u2019hui, je rencontre Yves Jeannes chez lui, \u00e0 Kergleuziou pr\u00e8s de Cadol. Il m\u2019accueille chaleureusement dans un salon donnant sur un verger. Fils et petit-fils de paysans, Yves Jeannes a d\u2019abord repris l\u2019exploitation familiale avant de se reconvertir en agriculture biologique il y a maintenant de nombreuses ann\u00e9es. Cultivateur de c\u00e9r\u00e9ales, il vend son bl\u00e9 \u00e0 une brasserie voisine pour la production des bi\u00e8res artisanales Britt. Passionn\u00e9 par les \u00e9nergies renouvelables, il a \u00e9galement fait installer des \u00e9oliennes dans ses champs, et sur ses toits des panneaux photovolta\u00efques. Il revend l\u2019\u00e9lectricit\u00e9 produite \u00e0 EDF. Il propose \u00e9galement une maison \u00e0 la location. Ces trois activit\u00e9s lui ont permis de diversifier ses sources de revenu, et s\u2019inscrivent au c\u0153ur de cette recherche d\u2019autonomie devenue aujourd\u2019hui un v\u00e9ritable projet de vie.<\/p>\n<p><a href=\"http:\/\/www.parchemins.bzh\/wp-content\/uploads\/2017\/09\/Yves-Jeannes.jpg\" target=\"_blank\" rel=\"noopener\"><img loading=\"lazy\" class=\" wp-image-863 alignright\" src=\"http:\/\/www.parchemins.bzh\/wp-content\/uploads\/2017\/09\/Yves-Jeannes-300x225.jpg\" alt=\"\" width=\"347\" height=\"260\" srcset=\"http:\/\/www.parchemins.bzh\/wp-content\/uploads\/2017\/09\/Yves-Jeannes-300x225.jpg 300w, http:\/\/www.parchemins.bzh\/wp-content\/uploads\/2017\/09\/Yves-Jeannes-768x576.jpg 768w, http:\/\/www.parchemins.bzh\/wp-content\/uploads\/2017\/09\/Yves-Jeannes.jpg 952w\" sizes=\"(max-width: 347px) 100vw, 347px\" \/><\/a><\/p>\n<p style=\"text-align: justify;\">Je lui demande ensuite s\u2019il a pu remarquer des transformations au sein du monde agricole au cours de sa carri\u00e8re. Pour Yves Jeannes, les liens de solidarit\u00e9 qui pouvaient autrefois r\u00e9unir les paysans autour de gros chantiers collectifs (lors des moissons par exemple) se sont aujourd\u2019hui \u00e9tiol\u00e9s. \u00ab Maintenant les gens sont beaucoup plus seuls. Les fermes sont de plus en plus grandes. Les gens sont seuls physiquement pour travailler leur exploitation, mais aussi seuls moralement pour beaucoup. \u00bb<\/p>\n<p style=\"text-align: justify;\">Il note \u00e9galement une \u00e9volution dans les pratiques, notamment du fait de la mise en place de normes environnementales, souvent per\u00e7ues comme des contraintes par le monde agricole. Lui-m\u00eame reconnait avoir per\u00e7u dans un premier temps ces restrictions en termes d\u2019usage de fertilisants comme une contrainte impos\u00e9e par la ville au monde paysan. La mise en place d\u2019une gestion de l\u2019eau par les communaut\u00e9s de communes lui ont fait prendre conscience de l\u2019int\u00e9r\u00eat de prot\u00e9ger l\u2019eau en tant que bien commun, et l&rsquo;ont finalement amen\u00e9 \u00e0 d\u00e9passer ce clivage ville-campagne.<\/p>\n<p style=\"text-align: justify;\">Dans <em>Parchemins<\/em>, nous nous int\u00e9ressons \u00e0 l\u2019agriculture littorale, c\u2019est-\u00e0-dire aux sp\u00e9cificit\u00e9s \u2013 s\u2019il y en a \u2013 du monde agricole en zone c\u00f4ti\u00e8re. Si d\u2019autres personnes que j\u2019ai pu interroger \u00e0 ce propos n\u2019identifiaient pas de caract\u00e8res sp\u00e9cifiques permettant de distinguer une agriculture littorale d\u2019autres formes d\u2019agriculture, pour Yves Jeannes il en existe certainement plusieurs. Pour lui, le paysan de zone c\u00f4ti\u00e8re a toujours eu un lien avec le p\u00eacheur.<\/p>\n<p style=\"text-align: justify;\">Tout d\u2019abord de fa\u00e7on concr\u00e8te, au travers d\u2019amiti\u00e9s nou\u00e9es avec des personnes issues du monde de la mer. Ensuite, Yves Jeannes dit observer un brassage de populations en zone c\u00f4ti\u00e8re que l&rsquo;on ne pourrait voir en zone purement rurale de centre Bretagne. Il appr\u00e9cie ainsi les \u00e9changes qu\u2019il a pu avoir avec d\u2019autres professions et avec des personnes issues de milieux diff\u00e9rents. Enfin, certaines questions touchent directement les pratiques agricoles en zone c\u00f4ti\u00e8re. Il m\u2019explique par exemple que la mise en place de plans d\u2019\u00e9pandage sp\u00e9cifiques en zone littorale a pu conduire \u00e0 l\u2019abandon de terres agricoles (non constructibles), aujourd\u2019hui en friches, ou dont l\u2019entretien requi\u00e8re un certain investissement en temps et de moyens. Ces effets peuvent \u00eatre constat\u00e9s directement dans le paysage, dans la mesure o\u00f9 certaines zones humides non entretenues ont eu tendance \u00e0 se densifier et \u00e0 s\u2019\u00e9tendre au fil des ans.<\/p>\n<p style=\"text-align: justify;\">Lorsque je lui demande en conclusion s\u2019il est heureux d\u2019avoir choisi le m\u00e9tier de paysan, il me r\u00e9pond en souriant : <em>\u00ab Oui, moi j\u2019ai toujours aim\u00e9 ce lien \u00e0 la nature et cette libert\u00e9. En ce sens j\u2019ai fait ce que je voulais, et cette libert\u00e9 justement d\u2019avoir r\u00e9ussi \u00e0 quitter un monde qui ne me convenait pas pour terminer avec un mode de production o\u00f9 je me retrouve vraiment en totale harmonie. \u00bb<\/em><\/p>\n","protected":false},"excerpt":{"rendered":"<p>C&rsquo;est avec une profonde tristesse que nous venons d&rsquo;apprendre le d\u00e9c\u00e8s de Yves Jeannes, dont nous vous proposions le portrait sur ce site. L&rsquo;ensemble de l&rsquo;\u00e9quipe Parchemins exprime ses condol\u00e9ances \u00e0 la famille et aux proches d\u2019Yves. &nbsp; Aujourd\u2019hui, je rencontre Yves Jeannes chez lui, \u00e0 Kergleuziou pr\u00e8s de Cadol. Il m\u2019accueille chaleureusement dans un [&hellip;]<\/p>\n","protected":false},"author":13,"featured_media":0,"comment_status":"open","ping_status":"open","sticky":false,"template":"","format":"standard","meta":[],"categories":[14],"tags":[16],"_links":{"self":[{"href":"http:\/\/www.parchemins.bzh\/index.php\/wp-json\/wp\/v2\/posts\/982"}],"collection":[{"href":"http:\/\/www.parchemins.bzh\/index.php\/wp-json\/wp\/v2\/posts"}],"about":[{"href":"http:\/\/www.parchemins.bzh\/index.php\/wp-json\/wp\/v2\/types\/post"}],"author":[{"embeddable":true,"href":"http:\/\/www.parchemins.bzh\/index.php\/wp-json\/wp\/v2\/users\/13"}],"replies":[{"embeddable":true,"href":"http:\/\/www.parchemins.bzh\/index.php\/wp-json\/wp\/v2\/comments?post=982"}],"version-history":[{"count":2,"href":"http:\/\/www.parchemins.bzh\/index.php\/wp-json\/wp\/v2\/posts\/982\/revisions"}],"predecessor-version":[{"id":986,"href":"http:\/\/www.parchemins.bzh\/index.php\/wp-json\/wp\/v2\/posts\/982\/revisions\/986"}],"wp:attachment":[{"href":"http:\/\/www.parchemins.bzh\/index.php\/wp-json\/wp\/v2\/media?parent=982"}],"wp:term":[{"taxonomy":"category","embeddable":true,"href":"http:\/\/www.parchemins.bzh\/index.php\/wp-json\/wp\/v2\/categories?post=982"},{"taxonomy":"post_tag","embeddable":true,"href":"http:\/\/www.parchemins.bzh\/index.php\/wp-json\/wp\/v2\/tags?post=982"}],"curies":[{"name":"wp","href":"https:\/\/api.w.org\/{rel}","templated":true}]}}