{"id":872,"date":"2017-10-03T16:07:15","date_gmt":"2017-10-03T14:07:15","guid":{"rendered":"http:\/\/www.parchemins.bzh\/?p=872"},"modified":"2017-10-06T16:10:48","modified_gmt":"2017-10-06T14:10:48","slug":"louis-duval-savant-paysan","status":"publish","type":"post","link":"http:\/\/www.parchemins.bzh\/index.php\/louis-duval-savant-paysan\/","title":{"rendered":"Louis Duval, savant paysan"},"content":{"rendered":"<p><img loading=\"lazy\" class=\"wp-image-874 size-medium alignleft\" src=\"http:\/\/www.parchemins.bzh\/wp-content\/uploads\/2017\/10\/image_Sandrine_Dup\u00e9_web-225x300.jpg\" alt=\"\" width=\"225\" height=\"300\" srcset=\"http:\/\/www.parchemins.bzh\/wp-content\/uploads\/2017\/10\/image_Sandrine_Dup\u00e9_web-225x300.jpg 225w, http:\/\/www.parchemins.bzh\/wp-content\/uploads\/2017\/10\/image_Sandrine_Dup\u00e9_web-768x1024.jpg 768w, http:\/\/www.parchemins.bzh\/wp-content\/uploads\/2017\/10\/image_Sandrine_Dup\u00e9_web.jpg 844w\" sizes=\"(max-width: 225px) 100vw, 225px\" \/><\/p>\n<p style=\"text-align: justify;\">Voici le premier \u00e9pisode de la s\u00e9rie documentaire \u00ab\u00a0Par les champs et par les gr\u00e8ves\u00a0\u00bb. Nous rencontrons Louis Duval, agronome aujourd\u2019hui retrait\u00e9 qui a longtemps travaill\u00e9 \u00e0 l\u2019Institut national de la recherche agronomique \u00e0 Quimper. Louis Duval\u00a0: un nom qui a marqu\u00e9 l\u2019histoire de l\u2019\u00e9tude de la fertilit\u00e9 des sols et des productions l\u00e9gumi\u00e8res sur le littoral breton. Avec Virginie Parnaudeau et Val\u00e9rie Viaud, elles-m\u00eames agronomes, le savant paysan nous raconte les d\u00e9couvertes auxquelles il a contribu\u00e9. Entre explorations physico-chimiques et \u00e9coute des connaissances des agriculteurs.<\/p>\n<p>&nbsp;<\/p>\n<!--[if lt IE 9]><script>document.createElement('audio');<\/script><![endif]-->\n<audio class=\"wp-audio-shortcode\" id=\"audio-872-1\" preload=\"none\" style=\"width: 100%;\" controls=\"controls\"><source type=\"audio\/mpeg\" src=\"http:\/\/www.parchemins.bzh\/public\/sons\/LouisDuval_diff_vol_haut.mp3?_=1\" \/><a href=\"http:\/\/www.parchemins.bzh\/public\/sons\/LouisDuval_diff_vol_haut.mp3\">http:\/\/www.parchemins.bzh\/public\/sons\/LouisDuval_diff_vol_haut.mp3<\/a><\/audio>\n<p style=\"text-align: center;\"><a href=\"http:\/\/www.parchemins.bzh\/public\/sons\/LouisDuval_diff_vol_haut.mp3\">T\u00e9l\u00e9charger l&rsquo;\u00e9pisode<\/a> ou <a href=\"http:\/\/www.parchemins.bzh\/index.php\/outils\/sonotheque\/\">visiter la sonoth\u00e8que<\/a><\/p>\n<p>Image : Sandrine Dup\u00e9<\/p>\n","protected":false},"excerpt":{"rendered":"<p>Voici le premier \u00e9pisode de la s\u00e9rie documentaire \u00ab\u00a0Par les champs et par les gr\u00e8ves\u00a0\u00bb. Nous rencontrons Louis Duval, agronome aujourd\u2019hui retrait\u00e9 qui a longtemps travaill\u00e9 \u00e0 l\u2019Institut national de la recherche agronomique \u00e0 Quimper. Louis Duval\u00a0: un nom qui a marqu\u00e9 l\u2019histoire de l\u2019\u00e9tude de la fertilit\u00e9 des sols et des productions l\u00e9gumi\u00e8res sur [&hellip;]<\/p>\n","protected":false},"author":7,"featured_media":0,"comment_status":"open","ping_status":"open","sticky":false,"template":"","format":"standard","meta":[],"categories":[1],"tags":[],"_links":{"self":[{"href":"http:\/\/www.parchemins.bzh\/index.php\/wp-json\/wp\/v2\/posts\/872"}],"collection":[{"href":"http:\/\/www.parchemins.bzh\/index.php\/wp-json\/wp\/v2\/posts"}],"about":[{"href":"http:\/\/www.parchemins.bzh\/index.php\/wp-json\/wp\/v2\/types\/post"}],"author":[{"embeddable":true,"href":"http:\/\/www.parchemins.bzh\/index.php\/wp-json\/wp\/v2\/users\/7"}],"replies":[{"embeddable":true,"href":"http:\/\/www.parchemins.bzh\/index.php\/wp-json\/wp\/v2\/comments?post=872"}],"version-history":[{"count":7,"href":"http:\/\/www.parchemins.bzh\/index.php\/wp-json\/wp\/v2\/posts\/872\/revisions"}],"predecessor-version":[{"id":892,"href":"http:\/\/www.parchemins.bzh\/index.php\/wp-json\/wp\/v2\/posts\/872\/revisions\/892"}],"wp:attachment":[{"href":"http:\/\/www.parchemins.bzh\/index.php\/wp-json\/wp\/v2\/media?parent=872"}],"wp:term":[{"taxonomy":"category","embeddable":true,"href":"http:\/\/www.parchemins.bzh\/index.php\/wp-json\/wp\/v2\/categories?post=872"},{"taxonomy":"post_tag","embeddable":true,"href":"http:\/\/www.parchemins.bzh\/index.php\/wp-json\/wp\/v2\/tags?post=872"}],"curies":[{"name":"wp","href":"https:\/\/api.w.org\/{rel}","templated":true}]}}