{"id":859,"date":"2017-09-29T14:05:27","date_gmt":"2017-09-29T12:05:27","guid":{"rendered":"http:\/\/www.parchemins.bzh\/?p=859"},"modified":"2018-01-09T16:15:50","modified_gmt":"2018-01-09T15:15:50","slug":"le-sens-de-sa-vie-en-pays-fouesnantais-avec-pierre-cornec","status":"publish","type":"post","link":"http:\/\/www.parchemins.bzh\/index.php\/le-sens-de-sa-vie-en-pays-fouesnantais-avec-pierre-cornec\/","title":{"rendered":"Le sens de sa vie &#8211; En pays fouesnantais avec Pierre Cornec"},"content":{"rendered":"<p style=\"text-align: justify;\">Dans le jardin de la chapelle Saint-Anne, je retrouve Pierre Cornec, 85 ans, toujours dans son champ. Il m\u2019entraine \u00e0 sa suite pour une visite guid\u00e9e de son terrain. Nous contournons un carr\u00e9 de bl\u00e9 noir. D\u2019immenses ch\u00e2taigniers et quelques pins bordent le champ. Il me montre ses plantations de pommes de terre et de jeunes haricots verts. Entre deux coups de b\u00eache, nous poursuivons notre d\u00e9ambulation potag\u00e8re au milieu des hautes herbes, sous lesquelles se cachent de petits potirons et des pieds de radis noir. Nous grignotons quelques m\u00fbres, d\u00e9battons de la cuisson du chou kale, et croquons quelques tomates grappill\u00e9es dans la petite serre.<\/p>\n<p style=\"text-align: justify;\">Militant de la premi\u00e8re heure au sein de l\u2019ASPF (l\u2019Association pour la Sauvegarde du Pays Fouesnantais), Pierre Cornec a lui-m\u00eame \u00e9t\u00e9 agriculteur dans sa jeunesse avant de trouver un emploi au cr\u00e9dit agricole o\u00f9 il est rest\u00e9 pendant plus de trente ans. Son engagement et son int\u00e9r\u00eat pour le monde agricole, il l\u2019a construit au sein de la JAC (Jeunesse Agricole Catholique), dont il fut un membre actif. La volont\u00e9 de donner du sens \u00e0 sa vie en aidant les autres a guid\u00e9 son parcours professionnel et militant. \u00ab\u00a0Que j\u2019ai r\u00e9ussi \u00e0 faire que y a des gens un peu plus heureux autour de moi, bon c\u2019est surtout \u00e7a.\u00a0\u00bb<\/p>\n<p><a href=\"http:\/\/www.parchemins.bzh\/wp-content\/uploads\/2017\/09\/Cornec.jpg\" target=\"_blank\" rel=\"noopener\"><img loading=\"lazy\" class=\"size-medium wp-image-860 alignleft\" src=\"http:\/\/www.parchemins.bzh\/wp-content\/uploads\/2017\/09\/Cornec-225x300.jpg\" alt=\"\" width=\"225\" height=\"300\" srcset=\"http:\/\/www.parchemins.bzh\/wp-content\/uploads\/2017\/09\/Cornec-225x300.jpg 225w, http:\/\/www.parchemins.bzh\/wp-content\/uploads\/2017\/09\/Cornec.jpg 536w\" sizes=\"(max-width: 225px) 100vw, 225px\" \/><\/a><\/p>\n<p style=\"text-align: justify;\">Ayant grandi et v\u00e9cu toute sa vie \u00e0 Fouesnant, il a pu observer les \u00e9volutions et les transformations travers\u00e9es par l\u2019agriculture sur ce territoire au fil des d\u00e9cennies. M\u00e9moire vivante d\u2019un pass\u00e9 qui semble aujourd\u2019hui lointain, je l\u2019\u00e9coute avec attention me faire le r\u00e9cit de son exp\u00e9rience. Nous discutons pendant des heures, sans voir le temps filer.<\/p>\n<p>&nbsp;<\/p>\n<p>&nbsp;<\/p>\n<p>&nbsp;<\/p>\n<p>Vous pouvez d\u00e8s \u00e0 pr\u00e9sent \u00e9couter le portrait radio consacr\u00e9 \u00e0 Pierre Cornec.<\/p>\n<p>Portrait 1 &#8211; <em>Pierre Cornec dans le sens de sa vie<\/em><\/p>\n<!--[if lt IE 9]><script>document.createElement('audio');<\/script><![endif]-->\n<audio class=\"wp-audio-shortcode\" id=\"audio-859-1\" preload=\"none\" style=\"width: 100%;\" controls=\"controls\"><source type=\"audio\/mpeg\" src=\"http:\/\/www.parchemins.bzh\/wp-content\/uploads\/2017\/11\/P.Cornec-def.mp3?_=1\" \/><a href=\"http:\/\/www.parchemins.bzh\/wp-content\/uploads\/2017\/11\/P.Cornec-def.mp3\">http:\/\/www.parchemins.bzh\/wp-content\/uploads\/2017\/11\/P.Cornec-def.mp3<\/a><\/audio>\n","protected":false},"excerpt":{"rendered":"<p>Dans le jardin de la chapelle Saint-Anne, je retrouve Pierre Cornec, 85 ans, toujours dans son champ. Il m\u2019entraine \u00e0 sa suite pour une visite guid\u00e9e de son terrain. Nous contournons un carr\u00e9 de bl\u00e9 noir. D\u2019immenses ch\u00e2taigniers et quelques pins bordent le champ. Il me montre ses plantations de pommes de terre et de [&hellip;]<\/p>\n","protected":false},"author":13,"featured_media":0,"comment_status":"open","ping_status":"open","sticky":false,"template":"","format":"standard","meta":[],"categories":[14],"tags":[16],"_links":{"self":[{"href":"http:\/\/www.parchemins.bzh\/index.php\/wp-json\/wp\/v2\/posts\/859"}],"collection":[{"href":"http:\/\/www.parchemins.bzh\/index.php\/wp-json\/wp\/v2\/posts"}],"about":[{"href":"http:\/\/www.parchemins.bzh\/index.php\/wp-json\/wp\/v2\/types\/post"}],"author":[{"embeddable":true,"href":"http:\/\/www.parchemins.bzh\/index.php\/wp-json\/wp\/v2\/users\/13"}],"replies":[{"embeddable":true,"href":"http:\/\/www.parchemins.bzh\/index.php\/wp-json\/wp\/v2\/comments?post=859"}],"version-history":[{"count":7,"href":"http:\/\/www.parchemins.bzh\/index.php\/wp-json\/wp\/v2\/posts\/859\/revisions"}],"predecessor-version":[{"id":1187,"href":"http:\/\/www.parchemins.bzh\/index.php\/wp-json\/wp\/v2\/posts\/859\/revisions\/1187"}],"wp:attachment":[{"href":"http:\/\/www.parchemins.bzh\/index.php\/wp-json\/wp\/v2\/media?parent=859"}],"wp:term":[{"taxonomy":"category","embeddable":true,"href":"http:\/\/www.parchemins.bzh\/index.php\/wp-json\/wp\/v2\/categories?post=859"},{"taxonomy":"post_tag","embeddable":true,"href":"http:\/\/www.parchemins.bzh\/index.php\/wp-json\/wp\/v2\/tags?post=859"}],"curies":[{"name":"wp","href":"https:\/\/api.w.org\/{rel}","templated":true}]}}