{"id":754,"date":"2017-07-19T23:22:57","date_gmt":"2017-07-19T21:22:57","guid":{"rendered":"http:\/\/www.parchemins.bzh\/?p=754"},"modified":"2017-07-23T14:41:14","modified_gmt":"2017-07-23T12:41:14","slug":"tous-a-plum-rencontrons-la-radio-referente-pour-rhuys","status":"publish","type":"post","link":"http:\/\/www.parchemins.bzh\/index.php\/tous-a-plum-rencontrons-la-radio-referente-pour-rhuys\/","title":{"rendered":"Tous \u00e0 Plum&rsquo; ! Rencontrons la radio r\u00e9f\u00e9rente pour Rhuys"},"content":{"rendered":"<p style=\"text-align: justify;\">1<sup>er<\/sup> juillet, \u00e0 S\u00e9rent (56).<\/p>\n<p style=\"text-align: justify;\">Des attrape-r\u00eave, un poulet m\u00e9canique, un coq sur une \u00eele d\u00e9serte\u2026 chaque ann\u00e9e, la f\u00eate annuelle de la radio associative Plum\u2019Fm d\u00e9clenche l\u2019\u00e9closion d\u2019une nouvelle variation sur le th\u00e8me de la plume.<\/p>\n<p style=\"text-align: justify;\">Voici quelques souvenirs d\u2019une galaxie de rencontres au studio de la station lanc\u00e9e dans un marathon de 24h de direct en plein air. J\u2019en profite pour pr\u00e9senter un aper\u00e7u de la structure et de son histoire, partenaire de Parchemins pour l\u2019enqu\u00eate en presqu\u2019\u00eele de Rhuys.<\/p>\n<p style=\"text-align: justify;\"><strong>Une radio associative<\/strong><\/p>\n<p style=\"text-align: justify;\">Plum\u2019Fm est n\u00e9e il y a une vingtaine d\u2019ann\u00e9es \u00e0 l\u2019institut m\u00e9dico \u00e9ducatif de Plumelec (Morbihan). Elle a depuis d\u00e9m\u00e9nag\u00e9 dans la commune voisine de S\u00e9rent, o\u00f9 elle s\u2019est \u00e9tablie dans l\u2019ancienne \u00e9cole primaire. Pour une radio qui met la mission \u00e9ducative au c\u0153ur de son action, quelle meilleure terre d\u2019ailleurs qu\u2019une cour de r\u00e9cr\u00e9ation\u00a0?<\/p>\n<p style=\"text-align: justify;\">Autour de la directrice, Jessica, plusieurs salari\u00e9s touche-\u00e0-tout coordonnent l\u2019animation, la r\u00e9alisation et la programmation. JB, Mathieu, et Cl\u00e9ment abordent un large \u00e9ventail de sujets\u00a0:\u00a0actualit\u00e9 locale, culture.s, handicap, d\u00e9veloppement durable, patrimoine\u2026 S\u2019y ajoute la promotion de la langue gallaise, prise en charge par Nanon et Matlao. Lisa, en service civique, termine tout juste une mission pour la communication de la station.<\/p>\n<p><img loading=\"lazy\" class=\"wp-image-764 alignright\" src=\"http:\/\/www.parchemins.bzh\/wp-content\/uploads\/2017\/07\/anim_3-211x300.jpg\" alt=\"\" width=\"173\" height=\"246\" srcset=\"http:\/\/www.parchemins.bzh\/wp-content\/uploads\/2017\/07\/anim_3-211x300.jpg 211w, http:\/\/www.parchemins.bzh\/wp-content\/uploads\/2017\/07\/anim_3.jpg 676w\" sizes=\"(max-width: 173px) 100vw, 173px\" \/><\/p>\n<p><img loading=\"lazy\" class=\"wp-image-765 alignright\" src=\"http:\/\/www.parchemins.bzh\/wp-content\/uploads\/2017\/07\/anim_4.jpg\" alt=\"\" width=\"212\" height=\"212\" srcset=\"http:\/\/www.parchemins.bzh\/wp-content\/uploads\/2017\/07\/anim_4.jpg 200w, http:\/\/www.parchemins.bzh\/wp-content\/uploads\/2017\/07\/anim_4-150x150.jpg 150w, http:\/\/www.parchemins.bzh\/wp-content\/uploads\/2017\/07\/anim_4-50x50.jpg 50w\" sizes=\"(max-width: 212px) 100vw, 212px\" \/><\/p>\n<p><img loading=\"lazy\" class=\"wp-image-766 alignright\" src=\"http:\/\/www.parchemins.bzh\/wp-content\/uploads\/2017\/07\/plum_14-219x300.jpg\" alt=\"\" width=\"177\" height=\"242\" srcset=\"http:\/\/www.parchemins.bzh\/wp-content\/uploads\/2017\/07\/plum_14-219x300.jpg 219w, http:\/\/www.parchemins.bzh\/wp-content\/uploads\/2017\/07\/plum_14.jpg 701w\" sizes=\"(max-width: 177px) 100vw, 177px\" \/><\/p>\n<p>&nbsp;<\/p>\n<p>&nbsp;<\/p>\n<p style=\"text-align: center;\">Les\u00a0cinq animateurs de PLum&rsquo;fm : Cl\u00e9ment,JB, Mathieu, Matlao, Nanon<\/p>\n<p><img loading=\"lazy\" class=\"wp-image-762 alignleft\" src=\"http:\/\/www.parchemins.bzh\/wp-content\/uploads\/2017\/07\/anim_1-210x300.jpg\" alt=\"\" width=\"184\" height=\"263\" srcset=\"http:\/\/www.parchemins.bzh\/wp-content\/uploads\/2017\/07\/anim_1-210x300.jpg 210w, http:\/\/www.parchemins.bzh\/wp-content\/uploads\/2017\/07\/anim_1.jpg 673w\" sizes=\"(max-width: 184px) 100vw, 184px\" \/><\/p>\n<p style=\"text-align: justify;\"><img loading=\"lazy\" class=\"wp-image-763 alignleft\" src=\"http:\/\/www.parchemins.bzh\/wp-content\/uploads\/2017\/07\/anim_2-199x300.jpg\" alt=\"\" width=\"174\" height=\"263\" srcset=\"http:\/\/www.parchemins.bzh\/wp-content\/uploads\/2017\/07\/anim_2-199x300.jpg 199w, http:\/\/www.parchemins.bzh\/wp-content\/uploads\/2017\/07\/anim_2.jpg 638w\" sizes=\"(max-width: 174px) 100vw, 174px\" \/><\/p>\n<p>&nbsp;<\/p>\n<p style=\"text-align: justify;\">Avec eux, des invit\u00e9s quotidiens qui viennent parler de l\u2019actualit\u00e9 du territoire et d\u2019ailleurs, et les participants aux ateliers de cr\u00e9ation radiophonique. En milieu scolaire ou dans d\u2019autres contextes, ces ateliers permettent de d\u00e9velopper l\u2019estime de soi, le vocabulaire, la citoyennet\u00e9, l\u2019ouverture culturelle\u2026 Enfin, un r\u00e9seau dense de b\u00e9n\u00e9voles\u00a0 prend en charge la r\u00e9alisation d\u2019\u00e9missions avec l\u2019appui technique\u00a0des salari\u00e9s. En tout la radio diffuse 40 \u00e9missions 15 chroniques.<\/p>\n<p style=\"text-align: justify;\">Avec autant de voix entre les micros et les \u00e9couteurs, on comprend vite que le m\u00e9dia radio fonctionne ici comme un outil de dialogue, qui s\u2019adresse en un sens aussi bien \u00e0 ceux qui l\u2019\u00e9coutent qu\u2019\u00e0 ceux qui la font. Elle offre alors un support de transmission \u00e0 diff\u00e9rents niveaux.<\/p>\n<p style=\"text-align: justify;\"><strong>\u00a0\u00ab\u00a0Et toi, t\u2019as une \u00e9mission\u00a0?\u00a0\u00bb<\/strong><\/p>\n<p style=\"text-align: justify;\">La journ\u00e9e annuelle <em>Tous \u00e0 Plum<\/em> a au d\u00e9part \u00e9t\u00e9 cr\u00e9\u00e9e comme une soir\u00e9e de soutien, pour r\u00e9colter quelques fonds de mani\u00e8re festive. De quoi diversifier les sources de financement de l\u2019association. Mais cette journ\u00e9e permet aussi aux b\u00e9n\u00e9voles, salari\u00e9s, membres du conseil d\u2019administration de prendre le temps d\u2019\u00e9changer. Ainsi pour ceux qui ne se connaissent pas, la question \u00ab\u00a0Et toi, t\u2019as une \u00e9mission\u00a0?\u00a0\u00bb vient vite apr\u00e8s le premier bonjour. Quasi synonyme de \u00ab\u00a0qui est tu\u00a0?\u00a0\u00bb, elle permet de donner un visage aux acteurs de la grille de la station. \u00a0L\u2019association compte en effet une soixantaine de b\u00e9n\u00e9voles, dont un\u00a0 bon nombre prennent en charge un cr\u00e9neau hebdomadaire ou mensuel.<\/p>\n<p style=\"text-align: justify;\">Dans la grille, \u00e0 c\u00f4t\u00e9 des rendez-vous plateau, des programmes d\u2019actualit\u00e9 et \u00e9ducatifs, se c\u00f4toient des \u00e9missions musicales \u00e9clectiques, de la country au m\u00e9tal en passant par le hip-hop et les musiques traditionnelles\u2026\u00a0 D\u2019autres s\u2019orientent vers les sujets de soci\u00e9t\u00e9, comme <em>Agora plum\u2019, <\/em>qui tissait cette ann\u00e9e son chemin par le portrait et le t\u00e9moignage, autour du fil rouge des fronti\u00e8res \u2013 qu\u2019elles soient physiques, sociales, psychologiques.<\/p>\n<p><img loading=\"lazy\" class=\"wp-image-758 size-large aligncenter\" src=\"http:\/\/www.parchemins.bzh\/wp-content\/uploads\/2017\/07\/plum_10-1024x614.jpg\" alt=\"\" width=\"610\" height=\"366\" srcset=\"http:\/\/www.parchemins.bzh\/wp-content\/uploads\/2017\/07\/plum_10-1024x614.jpg 1024w, http:\/\/www.parchemins.bzh\/wp-content\/uploads\/2017\/07\/plum_10-300x180.jpg 300w, http:\/\/www.parchemins.bzh\/wp-content\/uploads\/2017\/07\/plum_10-768x461.jpg 768w, http:\/\/www.parchemins.bzh\/wp-content\/uploads\/2017\/07\/plum_10.jpg 2048w\" sizes=\"(max-width: 610px) 100vw, 610px\" \/><\/p>\n<p style=\"text-align: center;\">\u00c9mission scientifique en plein air, des dinosaures au syst\u00e8me solaire<\/p>\n<p><img loading=\"lazy\" class=\"aligncenter wp-image-781 size-large\" src=\"http:\/\/www.parchemins.bzh\/wp-content\/uploads\/2017\/07\/plum_6-1024x614.jpg\" alt=\"\" width=\"610\" height=\"366\" srcset=\"http:\/\/www.parchemins.bzh\/wp-content\/uploads\/2017\/07\/plum_6-1024x614.jpg 1024w, http:\/\/www.parchemins.bzh\/wp-content\/uploads\/2017\/07\/plum_6-300x180.jpg 300w, http:\/\/www.parchemins.bzh\/wp-content\/uploads\/2017\/07\/plum_6-768x461.jpg 768w, http:\/\/www.parchemins.bzh\/wp-content\/uploads\/2017\/07\/plum_6.jpg 2048w\" sizes=\"(max-width: 610px) 100vw, 610px\" \/><\/p>\n<p style=\"text-align: center;\">La parole au C.A.<\/p>\n<p style=\"text-align: justify;\">Les modes d\u2019\u00e9coute sont eux-m\u00eames divers\u00a0: <em>Ap\u00e9ro-musette<\/em>, \u00e9mission qui f\u00eate cette ann\u00e9e ses quinze ans, a ses fid\u00e8les du transistor qui peuvent y retrouver l\u2019agenda des bals du coin. De son c\u00f4t\u00e9, <em>Des luds et des plumes<\/em> consacr\u00e9e aux jeux de soci\u00e9t\u00e9s, est podcast\u00e9e jusqu\u2019au Qu\u00e9bec o\u00f9 les animateurs ont des contacts. D\u2019une mani\u00e8re g\u00e9n\u00e9rale l\u2019\u00e9coute sur internet, en direct ou en diff\u00e9r\u00e9, offre aux radios associatives une audience potentielle plus large que celle offerte par la fr\u00e9quence mise \u00e0 leur disposition\u00a0: ainsi l\u2019\u00e9tendue couverte par l\u2019\u00e9metteur hertzien de Plum\u2019fm s\u2019arr\u00eate aux portes de Sarzeau et il faudra donc n\u00e9cessairement le web pour que les \u00e9missions concernant ce territoire lui reviennent aux tympans.<\/p>\n<p style=\"text-align: justify;\"><strong>Un tour complet du cadran solaire.<\/strong><\/p>\n<p style=\"text-align: justify;\">Mais revenons \u00e0 la f\u00eate\u2026les 24h de direct ont commenc\u00e9 \u00e0 midi, dans une ambiance familiale\u00a0: sous les grands arbres s\u2019affairent les humains de tous les \u00e2ges, une ribambelle d\u2019enfants et un chien adolescent pr\u00e9nomm\u00e9 Mammouth. Les fauteuils en palettes bricol\u00e9es accueillent les auditeurs des plateaux en direct, entre sciences expliqu\u00e9es aux enfants, actualit\u00e9 hip-hop, discussion sur le th\u00e8me des prisons. Pendant ce temps-l\u00e0 d\u2019autres se relaient dans la \u00ab\u00a0cabane \u00e0 jingle\u00a0\u00bb, testent des jeux de soci\u00e9t\u00e9, tentent les percussions.<\/p>\n<p style=\"text-align: center;\"><img loading=\"lazy\" class=\"wp-image-768 aligncenter\" src=\"http:\/\/www.parchemins.bzh\/wp-content\/uploads\/2017\/07\/plum_11.jpg\" alt=\"\" width=\"337\" height=\"396\" srcset=\"http:\/\/www.parchemins.bzh\/wp-content\/uploads\/2017\/07\/plum_11.jpg 819w, http:\/\/www.parchemins.bzh\/wp-content\/uploads\/2017\/07\/plum_11-256x300.jpg 256w, http:\/\/www.parchemins.bzh\/wp-content\/uploads\/2017\/07\/plum_11-768x900.jpg 768w\" sizes=\"(max-width: 337px) 100vw, 337px\" \/>Batukakouac<\/p>\n<p style=\"text-align: justify;\">Le record d\u2019affluence \u00e0 Tous \u00e0 plum\u00a0: 700 personnes. Mais cette ann\u00e9e c\u2019est plus calme, l\u2019\u00e9quipe ne voulait pas r\u00e9clamer aux groupes amis de jouer gratuitement, et la formule a un peu chang\u00e9, plus centr\u00e9e sur les b\u00e9n\u00e9voles. Les volontaires se relaient pour tenir la buvette install\u00e9e sous l\u2019ancien pr\u00e9au o\u00f9 <em>la Bambelle<\/em> tient le haut du pav\u00e9 (produite par un GAEC de paysans brasseurs install\u00e9s \u00e0 Saint-Grav\u00e9). Je me sens bien l\u00e0, \u00e7a donne le temps de croiser les trajets et projets de chacun. D\u2019en apprendre plus sur l\u2019histoire de la radio et ses fondamentaux comme le refus d\u2019int\u00e9grer la publicit\u00e9 dans ses sources de financement. De d\u00e9couvrir le r\u00e9seau associatif dont elle fait partie. J\u2019aper\u00e7ois le d\u00e9put\u00e9 Paul Molac venu en visite, d\u00e9fenseur reconnu de la culture et des langues r\u00e9gionales.<\/p>\n<p style=\"text-align: justify;\">Alors que le soleil descend la cour s\u2019anime de guirlandes lumineuses. Bouches nourries de cr\u00eapes et oreilles de sets <em>live <\/em>batucada &#8211; Batukakouac, traditionnel sampl\u00e9 &#8211; J\u00e9r\u00e9my Mignotte, et rock &#8211; Donas. Un peu avant la tomb\u00e9e de la nuit, un bal pirate prend le relai. Le r\u00f4le de DJ est assur\u00e9 \u00e0 tour de r\u00f4le par les collectionneurs de son. Sixties, musiques du monde, \u00e9lectro hardcore <a href=\"#_ftn1\" name=\"_ftnref1\">[1]<\/a>\u2026 les silhouettes des DJ clignotent et la r\u00e9cr\u00e9 glisse vers la <em>free party<\/em>.\u00a0 A 2h la pluie s\u2019en m\u00eale, sonnant le repli pour finir la nuit dans les studios\u00a0: derni\u00e8res \u00e9missions, verres et conversations.<\/p>\n<p style=\"text-align: center;\">\u00a0<img loading=\"lazy\" class=\"wp-image-769 aligncenter\" src=\"http:\/\/www.parchemins.bzh\/wp-content\/uploads\/2017\/07\/plum_13.jpg\" alt=\"\" width=\"442\" height=\"683\" srcset=\"http:\/\/www.parchemins.bzh\/wp-content\/uploads\/2017\/07\/plum_13.jpg 621w, http:\/\/www.parchemins.bzh\/wp-content\/uploads\/2017\/07\/plum_13-194x300.jpg 194w\" sizes=\"(max-width: 442px) 100vw, 442px\" \/>\u00a0 Solo de violoncelle devant la cabane \u00e0 jingle<\/p>\n<p style=\"text-align: justify;\">Au r\u00e9veil, le sol de la cour prend un peu le soleil, barbouill\u00e9 aux couleurs de l\u2019arc-en-ciel. La cabine \u00e0 jingle devient abri de jardin et les attrape-r\u00eave redescendent des arbres. Le coq des voisins chante un peu trop t\u00f4t pour les couche-tard \u2026 de quoi donner envie \u00e0 certains de le faire cuire avec ce qu\u2019il reste de cidre.<\/p>\n<p style=\"text-align: justify;\"><strong>En chair et <\/strong><strong>en onde<\/strong><\/p>\n<p style=\"text-align: justify;\">Si les quotidiens r\u00e9gionaux ont leur correspondant dans chaque village, les m\u00e9dias participatifs ne font pas que collecter et circuler l\u2019information. La cr\u00e9ation collective au sein des diff\u00e9rentes associations d\u00e9couvertes \u00e0 S\u00e9rent fait d\u2019embl\u00e9e quelque chose de plus\u00a0: elle met en discussion.<\/p>\n<p style=\"text-align: justify;\">Or comme me l\u2019avait expliqu\u00e9 Mathieu, l\u2019animateur r\u00e9f\u00e9rent pour Parchemins, Plum\u2019fm \u00e9met en milieu rural et a besoin de trouver des occasions, comme cette f\u00eate, pour rassembler ses b\u00e9n\u00e9voles et auditeurs dispers\u00e9s. Et dans ce contexte, rien ne vaut une rencontre en chair et en os pour \u00ab\u00a0tailler le bout de gras\u00a0\u00bb<a href=\"#_ftn2\" name=\"_ftnref2\">[2]<\/a>. Ici cela s\u2019incarne dans la galette saucisse et sa cousine v\u00e9g\u00e9tarienne au fromage et l\u00e9gumes de saison. D\u2019ailleurs sur la devanture du camion \u00e0 cr\u00eapes, tous les producteurs-fournisseurs \u00e9taient cit\u00e9s. Finalement, un peu comme on \u00e9gr\u00e8nerait des \u00ab\u00a0cr\u00e9dits\u00a0\u00bb et les remerciements \u00e0 la fin d\u2019une \u00e9mission\u2026\u00a0? Tout \u00e7a pour dire que nos \u00ab\u00a0Paroles et chemins\u00a0\u00bb ont trouv\u00e9 l\u00e0 de bons parrains et compagnons de sentier.<\/p>\n<p style=\"text-align: justify;\">Merci pour l\u2019accueil\u00a0!<\/p>\n<p style=\"text-align: right;\">Marine Legrand<\/p>\n<p style=\"text-align: justify;\"><span style=\"text-decoration: underline;\"><strong>Notes<\/strong><\/span><\/p>\n<p style=\"text-align: justify;\"><a href=\"#_ftnref1\" name=\"_ftn1\">[1]<\/a>Dans l\u2019ordre DJ L\u00e9onard, Jeff, Mathieu.<\/p>\n<p style=\"text-align: justify;\"><a href=\"#_ftnref2\" name=\"_ftn2\">[2]<\/a>Qui saura me dire d\u2019o\u00f9 vient cette expression\u00a0?<\/p>\n<p><span style=\"text-decoration: underline;\"><strong>Cr\u00e9dits photo<\/strong><\/span><\/p>\n<p>Josselin Gu\u00e9don pour Plum&rsquo;fm<\/p>\n<p style=\"text-align: justify;\"><strong><u>R\u00e9f\u00e9rences et liens<\/u><\/strong><\/p>\n<p style=\"text-align: justify;\">Plum FM\u00a0: http:\/\/www.plumfm.net\/<\/p>\n<p style=\"text-align: justify;\">Les animateurs \u00e9voqu\u00e9s ici\u00a0 sont Bakoff et Spritnoirr (Hip hop time), Jeff (La sono du monde), L\u00e9onard Michalon (Super son des 60\u2019s), Michel (Ap\u00e9ro musette), (des luds et des plums), Saga (Agora\u2019plum)<\/p>\n<p style=\"text-align: justify;\">Bi\u00e8re La bambelle\u00a0: <a href=\"http:\/\/www.labambelle.com\/\">http:\/\/www.labambelle.com\/<\/a><\/p>\n<p style=\"text-align: justify;\">Association Larcsen\u00a0: <a href=\"https:\/\/larcsen.jimdo.com\/\">https:\/\/larcsen.jimdo.com\/<\/a><\/p>\n<p style=\"text-align: justify;\">Association Les passeurs d\u2019images et de sons\u00a0: <a href=\"http:\/\/www.lespasseurs.fr\/\">http:\/\/www.lespasseurs.fr\/<\/a><\/p>\n<p>&nbsp;<\/p>\n","protected":false},"excerpt":{"rendered":"<p>1er juillet, \u00e0 S\u00e9rent (56). Des attrape-r\u00eave, un poulet m\u00e9canique, un coq sur une \u00eele d\u00e9serte\u2026 chaque ann\u00e9e, la f\u00eate annuelle de la radio associative Plum\u2019Fm d\u00e9clenche l\u2019\u00e9closion d\u2019une nouvelle variation sur le th\u00e8me de la plume. Voici quelques souvenirs d\u2019une galaxie de rencontres au studio de la station lanc\u00e9e dans un marathon de 24h [&hellip;]<\/p>\n","protected":false},"author":7,"featured_media":758,"comment_status":"open","ping_status":"open","sticky":false,"template":"","format":"standard","meta":[],"categories":[5],"tags":[],"_links":{"self":[{"href":"http:\/\/www.parchemins.bzh\/index.php\/wp-json\/wp\/v2\/posts\/754"}],"collection":[{"href":"http:\/\/www.parchemins.bzh\/index.php\/wp-json\/wp\/v2\/posts"}],"about":[{"href":"http:\/\/www.parchemins.bzh\/index.php\/wp-json\/wp\/v2\/types\/post"}],"author":[{"embeddable":true,"href":"http:\/\/www.parchemins.bzh\/index.php\/wp-json\/wp\/v2\/users\/7"}],"replies":[{"embeddable":true,"href":"http:\/\/www.parchemins.bzh\/index.php\/wp-json\/wp\/v2\/comments?post=754"}],"version-history":[{"count":15,"href":"http:\/\/www.parchemins.bzh\/index.php\/wp-json\/wp\/v2\/posts\/754\/revisions"}],"predecessor-version":[{"id":797,"href":"http:\/\/www.parchemins.bzh\/index.php\/wp-json\/wp\/v2\/posts\/754\/revisions\/797"}],"wp:featuredmedia":[{"embeddable":true,"href":"http:\/\/www.parchemins.bzh\/index.php\/wp-json\/wp\/v2\/media\/758"}],"wp:attachment":[{"href":"http:\/\/www.parchemins.bzh\/index.php\/wp-json\/wp\/v2\/media?parent=754"}],"wp:term":[{"taxonomy":"category","embeddable":true,"href":"http:\/\/www.parchemins.bzh\/index.php\/wp-json\/wp\/v2\/categories?post=754"},{"taxonomy":"post_tag","embeddable":true,"href":"http:\/\/www.parchemins.bzh\/index.php\/wp-json\/wp\/v2\/tags?post=754"}],"curies":[{"name":"wp","href":"https:\/\/api.w.org\/{rel}","templated":true}]}}