{"id":2518,"date":"2022-02-10T15:50:16","date_gmt":"2022-02-10T14:50:16","guid":{"rendered":"http:\/\/www.parchemins.bzh\/?p=2518"},"modified":"2022-02-10T15:50:16","modified_gmt":"2022-02-10T14:50:16","slug":"anfriche-le-lancement","status":"publish","type":"post","link":"http:\/\/www.parchemins.bzh\/index.php\/anfriche-le-lancement\/","title":{"rendered":"\u00ab\u00a0ANFRICHE\u00a0\u00bb : le lancement !"},"content":{"rendered":"\n<p>Le 7 janvier 2022, le projet de recherche <a href=\"http:\/\/www.parchemins.bzh\/index.php\/presentation-du-projet-anfriche\/\">ANFRICHE<\/a> est lanc\u00e9 ! <\/p>\n\n\n\n<p>L&rsquo;\u00e9quipe scientifique compl\u00e8te, les membres institutionnels et associatifs \u00e9taient au rendez-vous \u00e0 Mo\u00eblan-sur-mer. Au programme : un retour sur les <strong>gen\u00e8ses du projet<\/strong>, entre les recherches men\u00e9es \u00e0 l&rsquo;Ecole des Hautes \u00c9tudes en Sciences Sociales (EHESS, Paris) et celles issues du programme de recherche <a href=\"http:\/\/www.parchemins.bzh\/index.php\/presentation-du-projet\/le-projet\/\">PARCHEMINS<\/a> ; une exposition du <strong>contenu de ma th\u00e8se<\/strong> en anthropologie environnementale ; une pr\u00e9sentation d\u00e9taill\u00e9e de la <strong>premi\u00e8re action de recherche de 2022<\/strong> ; et enfin une <strong>r\u00e9flexion collective<\/strong> pour laisser \u00e0 chacun la place d&rsquo;exprimer ses id\u00e9es, ses centres d&rsquo;int\u00e9r\u00eats, ses premiers questionnements. Une sortie de terrain dans la temp\u00eate est venue couronner la r\u00e9union : les bottes dans la boue et le visage fouett\u00e9 par le vent, nous sommes all\u00e9s ensemble jeter un coup d\u2019\u0153il au ph\u00e9nom\u00e8ne d&rsquo;enfrichement sur les milliers de petites parcelles agricoles du littoral mo\u00eblanais. C&rsquo;est parti pour le premier terrain d&rsquo;enqu\u00eate!<\/p>\n\n\n\n<p>Cette ann\u00e9e, c&rsquo;est l&rsquo;<strong>\u00e9tude d&rsquo;\u00e9cologie paysag\u00e8re<\/strong> qui est au devant de la sc\u00e8ne. M\u00ealant approches botanique et anthropologique, nos questions sont nombreuses : quelles esp\u00e8ces v\u00e9g\u00e9tales vivent sur les friches? Rencontre-t-on les m\u00eames dynamiques v\u00e9g\u00e9tales sur toutes les zones enfrich\u00e9es? Comment la succession v\u00e9g\u00e9tale peut-elle \u00eatre d\u00e9crite? Que se passe-t-il lorsque l&rsquo;on d\u00e9friche? Qui repousse, qui meurt, qui appara\u00eet? <\/p>\n\n\n\n<figure class=\"wp-block-image size-large\"><img loading=\"lazy\" width=\"1024\" height=\"690\" src=\"http:\/\/www.parchemins.bzh\/wp-content\/uploads\/2022\/02\/Capture-de\u0301cran-2022-02-10-a\u0300-15-compressed-1024x690.jpg\" alt=\"\" class=\"wp-image-2530\" srcset=\"http:\/\/www.parchemins.bzh\/wp-content\/uploads\/2022\/02\/Capture-de\u0301cran-2022-02-10-a\u0300-15-compressed-1024x690.jpg 1024w, http:\/\/www.parchemins.bzh\/wp-content\/uploads\/2022\/02\/Capture-de\u0301cran-2022-02-10-a\u0300-15-compressed-300x202.jpg 300w, http:\/\/www.parchemins.bzh\/wp-content\/uploads\/2022\/02\/Capture-de\u0301cran-2022-02-10-a\u0300-15-compressed-768x517.jpg 768w, http:\/\/www.parchemins.bzh\/wp-content\/uploads\/2022\/02\/Capture-de\u0301cran-2022-02-10-a\u0300-15-compressed-1536x1035.jpg 1536w, http:\/\/www.parchemins.bzh\/wp-content\/uploads\/2022\/02\/Capture-de\u0301cran-2022-02-10-a\u0300-15-compressed-1320x889.jpg 1320w, http:\/\/www.parchemins.bzh\/wp-content\/uploads\/2022\/02\/Capture-de\u0301cran-2022-02-10-a\u0300-15-compressed.jpg 1716w\" sizes=\"(max-width: 1024px) 100vw, 1024px\" \/><figcaption><em>Anthroplogues et botanistes en observation sur une parcelle<\/em><\/figcaption><\/figure>\n\n\n\n<p>Je tiens \u00e0 remercier la mairie de Mo\u00eblan-sur-mer pour son accueil chaleureux et sa pr\u00e9cieuse participation ; la Fondation de France pour son soutien et sa confiance, et tous les membres d&rsquo;ANFRICHE pour leur enthousiasme dans ce nouveau projet !<\/p>\n\n\n\n<p class=\"has-text-align-right\"><em>Amelia Veitch, doctorante en anthropologie et coordinatrice du projet<\/em><\/p>\n","protected":false},"excerpt":{"rendered":"<p>Le 7 janvier 2022, le projet de recherche ANFRICHE est lanc\u00e9 ! L&rsquo;\u00e9quipe scientifique compl\u00e8te, les membres institutionnels et associatifs \u00e9taient au rendez-vous \u00e0 Mo\u00eblan-sur-mer. Au programme : un retour sur les gen\u00e8ses du projet, entre les recherches men\u00e9es \u00e0 l&rsquo;Ecole des Hautes \u00c9tudes en Sciences Sociales (EHESS, Paris) et celles issues du programme de [&hellip;]<\/p>\n","protected":false},"author":1,"featured_media":0,"comment_status":"open","ping_status":"open","sticky":false,"template":"","format":"standard","meta":[],"categories":[1],"tags":[],"_links":{"self":[{"href":"http:\/\/www.parchemins.bzh\/index.php\/wp-json\/wp\/v2\/posts\/2518"}],"collection":[{"href":"http:\/\/www.parchemins.bzh\/index.php\/wp-json\/wp\/v2\/posts"}],"about":[{"href":"http:\/\/www.parchemins.bzh\/index.php\/wp-json\/wp\/v2\/types\/post"}],"author":[{"embeddable":true,"href":"http:\/\/www.parchemins.bzh\/index.php\/wp-json\/wp\/v2\/users\/1"}],"replies":[{"embeddable":true,"href":"http:\/\/www.parchemins.bzh\/index.php\/wp-json\/wp\/v2\/comments?post=2518"}],"version-history":[{"count":5,"href":"http:\/\/www.parchemins.bzh\/index.php\/wp-json\/wp\/v2\/posts\/2518\/revisions"}],"predecessor-version":[{"id":2531,"href":"http:\/\/www.parchemins.bzh\/index.php\/wp-json\/wp\/v2\/posts\/2518\/revisions\/2531"}],"wp:attachment":[{"href":"http:\/\/www.parchemins.bzh\/index.php\/wp-json\/wp\/v2\/media?parent=2518"}],"wp:term":[{"taxonomy":"category","embeddable":true,"href":"http:\/\/www.parchemins.bzh\/index.php\/wp-json\/wp\/v2\/categories?post=2518"},{"taxonomy":"post_tag","embeddable":true,"href":"http:\/\/www.parchemins.bzh\/index.php\/wp-json\/wp\/v2\/tags?post=2518"}],"curies":[{"name":"wp","href":"https:\/\/api.w.org\/{rel}","templated":true}]}}