{"id":1973,"date":"2019-02-11T18:30:43","date_gmt":"2019-02-11T17:30:43","guid":{"rendered":"http:\/\/www.parchemins.bzh\/?p=1973"},"modified":"2019-02-13T11:17:13","modified_gmt":"2019-02-13T10:17:13","slug":"regards-ecoutes-de-lagriculture-ile-dyeu-terre-fertile-creation-dune-scic","status":"publish","type":"post","link":"http:\/\/www.parchemins.bzh\/index.php\/regards-ecoutes-de-lagriculture-ile-dyeu-terre-fertile-creation-dune-scic\/","title":{"rendered":"Regards et \u00e9coutes de l\u2019agriculture \u2013 Ile d&rsquo;Yeu : Terre Fert&rsquo;\u00eele et la cr\u00e9ation d&rsquo;une SCIC"},"content":{"rendered":"<p><em>Au fil des rencontres, des discussions et des fouilles qui ponctuent la recherche dans Parchemins, plusieurs initiatives qui donnent \u00e0 voir et \u00e0 entendre l&rsquo;agriculture sur le littoral ont surgi.<br \/>\n<\/em><\/p>\n<div id=\"attachment_1974\" style=\"width: 620px\" class=\"wp-caption alignnone\"><a href=\"https:\/\/collectifagricoleiledyeu.wordpress.com\/\"><img aria-describedby=\"caption-attachment-1974\" loading=\"lazy\" class=\"wp-image-1974 size-large\" src=\"http:\/\/www.parchemins.bzh\/wp-content\/uploads\/2019\/02\/ile-dyeu_collectif-agricole-1024x222.jpg\" alt=\"\" width=\"610\" height=\"132\" srcset=\"http:\/\/www.parchemins.bzh\/wp-content\/uploads\/2019\/02\/ile-dyeu_collectif-agricole-1024x222.jpg 1024w, http:\/\/www.parchemins.bzh\/wp-content\/uploads\/2019\/02\/ile-dyeu_collectif-agricole-300x65.jpg 300w, http:\/\/www.parchemins.bzh\/wp-content\/uploads\/2019\/02\/ile-dyeu_collectif-agricole-768x166.jpg 768w, http:\/\/www.parchemins.bzh\/wp-content\/uploads\/2019\/02\/ile-dyeu_collectif-agricole.jpg 1261w\" sizes=\"(max-width: 610px) 100vw, 610px\" \/><\/a><p id=\"caption-attachment-1974\" class=\"wp-caption-text\">Le collectif agricole de l&rsquo;\u00eele d&rsquo;Yeu.<\/p><\/div>\n<p>Parmi celles-ci, le collectif\u00a0 <a href=\"https:\/\/collectifagricoleiledyeu.wordpress.com\/\">Terre Fert&rsquo;ile<\/a> (qui implique un travail commun des trois associations que sont le Collectif agricole, Yeu\u00a0 demain, Terre de liens, de la municipalit\u00e9, des agriculteurs et des porteurs de projets de l&rsquo;\u00eele d&rsquo;Yeu <a href=\"http:\/\/[1] Les partenaires du collectif Terre Fert'\u00eele travaillent et d\u00e9cident au consensus au sein du Comit\u00e9 de d\u00e9veloppement agricole.\">[1]<\/a>) valorise son travail de soutien et de d\u00e9veloppement de l&rsquo;agriculture \u00e0 l&rsquo;\u00eele d&rsquo;Yeu, par l&rsquo;interm\u00e9diaire d&rsquo;une \u00e9mission radio sur Neptune FM.<\/p>\n<p>Mounia Tonazzini, charg\u00e9e de mission Terres Fert&rsquo;\u00eele, Georges Birault, pr\u00e9sident du collectif agricole de l&rsquo;Ile d&rsquo;Yeu et Ronan Pointeau, apiculteur install\u00e9 sur l&rsquo;Ile d&rsquo;Yeu depuis 2 ans, mettent en avant les probl\u00e9matiques fonci\u00e8res auxquelles font face les agriculteurs install\u00e9s \u00e0 l&rsquo;\u00eele d&rsquo;Yeu &#8211; au m\u00eame titre que l&rsquo;essentiel des agriculteurs install\u00e9s sur une \u00eele.<\/p>\n<p>Ils d\u00e9fendent l&rsquo;int\u00e9r\u00eat du recours \u00e0 un outil juridique, la Soci\u00e9t\u00e9 Coop\u00e9rative Civile Immobili\u00e8re, pour faciliter la concentration de terres ayant une vocation agricole en ilots, afin de faciliter, voire de permettre l&rsquo;usage de terres par les agriculteurs. Les SCIC ont plusieurs int\u00e9r\u00eats, notamment de faciliter l&rsquo;acc\u00e8s au foncier aux agriculteurs ou aux porteurs de projets agricole, et de favoriser un portage des probl\u00e9matiques agricoles par un r\u00e9seau d&rsquo;acteurs qui d\u00e9passe les seuls agriculteurs.<\/p>\n<p><em>Une \u00e9mission enregistr\u00e9e le 17 septembre 2018, par <strong>Neptune FM<\/strong>, \u00e0 \u00e9couter ou r\u00e9\u00e9couter <a href=\"http:\/\/www.neptunefm.com\/podcasts\/lundi-17-septembre-2018-terres-fert-ile-3030\">ici\u00a0<\/a>ou <a href=\"https:\/\/collectifagricoleiledyeu.wordpress.com\/2018\/09\/17\/une-emission-radio-sur-neptune-fm-terre-fertile-et-la-creation-dune-societe-cooperative-civile-immobiliere\/\">ici.<\/a><\/em><\/p>\n<p><em>Voir \u00e9galement l&rsquo;\u00e9mission \u00ab\u00a0Soci\u00e9t\u00e9 coop\u00e9rative civile immobili\u00e8re (SCCI) <a href=\"http:\/\/terres.islaises.fr\/\">Terres islaises<\/a>\u00ab\u00a0, enregistr\u00e9e le 11 d\u00e9cembre <strong>par Neptune FM, <\/strong>avec Renan Pointeau, g\u00e9rant de la SCCI, et Gilles Le Puil, membre du conseil de surveillance, \u00e0 \u00e9couter ou r\u00e9\u00e9couter <a href=\"https:\/\/collectifagricoleiledyeu.wordpress.com\/2018\/12\/12\/societe-cooperative-civile-immobiliere-scci-terres-islaises-sur-neptune-fm\/\">ici<\/a> ou <a href=\"http:\/\/www.neptunefm.com\/podcasts\/mardi-11-decembre-2018-scci-terres-islaises-3183\">ici<\/a>.<\/em><\/p>\n<p>&nbsp;<\/p>\n<p>Au sujet des initiatives qui soutiennent l&rsquo;agriculture et la consommaction, voir \u00e9galement l&rsquo;article sur Cristi Cohen, <a href=\"http:\/\/www.parchemins.bzh\/index.php\/cristi-cohen-ecrire-lagriculture-insulaire-de-demain\/\">ici<\/a>.<\/p>\n<p>&nbsp;<\/p>\n<p>[1] Les partenaires du collectif Terre Fert&rsquo;\u00eele travaillent et d\u00e9cident au consensus au sein du Comit\u00e9 de d\u00e9veloppement agricole.<\/p>\n","protected":false},"excerpt":{"rendered":"<p>Au fil des rencontres, des discussions et des fouilles qui ponctuent la recherche dans Parchemins, plusieurs initiatives qui donnent \u00e0 voir et \u00e0 entendre l&rsquo;agriculture sur le littoral ont surgi. Parmi celles-ci, le collectif\u00a0 Terre Fert&rsquo;ile (qui implique un travail commun des trois associations que sont le Collectif agricole, Yeu\u00a0 demain, Terre de liens, de [&hellip;]<\/p>\n","protected":false},"author":4,"featured_media":0,"comment_status":"open","ping_status":"open","sticky":false,"template":"","format":"standard","meta":[],"categories":[1],"tags":[28,30,31,25,36,19],"_links":{"self":[{"href":"http:\/\/www.parchemins.bzh\/index.php\/wp-json\/wp\/v2\/posts\/1973"}],"collection":[{"href":"http:\/\/www.parchemins.bzh\/index.php\/wp-json\/wp\/v2\/posts"}],"about":[{"href":"http:\/\/www.parchemins.bzh\/index.php\/wp-json\/wp\/v2\/types\/post"}],"author":[{"embeddable":true,"href":"http:\/\/www.parchemins.bzh\/index.php\/wp-json\/wp\/v2\/users\/4"}],"replies":[{"embeddable":true,"href":"http:\/\/www.parchemins.bzh\/index.php\/wp-json\/wp\/v2\/comments?post=1973"}],"version-history":[{"count":6,"href":"http:\/\/www.parchemins.bzh\/index.php\/wp-json\/wp\/v2\/posts\/1973\/revisions"}],"predecessor-version":[{"id":1983,"href":"http:\/\/www.parchemins.bzh\/index.php\/wp-json\/wp\/v2\/posts\/1973\/revisions\/1983"}],"wp:attachment":[{"href":"http:\/\/www.parchemins.bzh\/index.php\/wp-json\/wp\/v2\/media?parent=1973"}],"wp:term":[{"taxonomy":"category","embeddable":true,"href":"http:\/\/www.parchemins.bzh\/index.php\/wp-json\/wp\/v2\/categories?post=1973"},{"taxonomy":"post_tag","embeddable":true,"href":"http:\/\/www.parchemins.bzh\/index.php\/wp-json\/wp\/v2\/tags?post=1973"}],"curies":[{"name":"wp","href":"https:\/\/api.w.org\/{rel}","templated":true}]}}