{"id":1921,"date":"2019-02-06T09:13:20","date_gmt":"2019-02-06T08:13:20","guid":{"rendered":"http:\/\/www.parchemins.bzh\/?p=1921"},"modified":"2019-04-10T16:00:29","modified_gmt":"2019-04-10T14:00:29","slug":"plateau-radio-lagriculture-a-brehat","status":"publish","type":"post","link":"http:\/\/www.parchemins.bzh\/index.php\/plateau-radio-lagriculture-a-brehat\/","title":{"rendered":"Plateau radio. L&rsquo;agriculture \u00e0 Br\u00e9hat."},"content":{"rendered":"<div id=\"attachment_1963\" style=\"width: 620px\" class=\"wp-caption aligncenter\"><img aria-describedby=\"caption-attachment-1963\" loading=\"lazy\" class=\"size-large wp-image-1963\" src=\"http:\/\/www.parchemins.bzh\/wp-content\/uploads\/2019\/02\/plateau-radio_beauport-1024x680.png\" alt=\"\" width=\"610\" height=\"405\" srcset=\"http:\/\/www.parchemins.bzh\/wp-content\/uploads\/2019\/02\/plateau-radio_beauport-1024x680.png 1024w, http:\/\/www.parchemins.bzh\/wp-content\/uploads\/2019\/02\/plateau-radio_beauport-300x199.png 300w, http:\/\/www.parchemins.bzh\/wp-content\/uploads\/2019\/02\/plateau-radio_beauport-768x510.png 768w, http:\/\/www.parchemins.bzh\/wp-content\/uploads\/2019\/02\/plateau-radio_beauport-1320x877.png 1320w\" sizes=\"(max-width: 610px) 100vw, 610px\" \/><p id=\"caption-attachment-1963\" class=\"wp-caption-text\">Plateau radio \u00e0 Beauport &#8211; cr\u00e9dit photo : Abbaye de Beauport<\/p><\/div>\n<p>Dans le cadre de la Nuit des Id\u00e9es, \u00e0 l&rsquo;abbaye de Beauport, l&rsquo;agriculture br\u00e9hatine a \u00e9t\u00e9 mise \u00e0 l&rsquo;honneur lors d&rsquo;un plateau radio, l&rsquo;occasion de donner \u00e0 entendre la complexit\u00e9 du maintien de l&rsquo;activit\u00e9 agricole sur une \u00eele.<\/p>\n<p><a href=\"https:\/\/abbayebeauport.com\/fr\/evenements\/sciences-friction\/sciences-friction-2019.html\"><img loading=\"lazy\" class=\"wp-image-1929 aligncenter\" src=\"http:\/\/www.parchemins.bzh\/wp-content\/uploads\/2019\/02\/nuit-des-id\u00e9es-Paimpol.jpg\" alt=\"\" width=\"449\" height=\"285\" srcset=\"http:\/\/www.parchemins.bzh\/wp-content\/uploads\/2019\/02\/nuit-des-id\u00e9es-Paimpol.jpg 698w, http:\/\/www.parchemins.bzh\/wp-content\/uploads\/2019\/02\/nuit-des-id\u00e9es-Paimpol-300x190.jpg 300w\" sizes=\"(max-width: 449px) 100vw, 449px\" \/><\/a><\/p>\n<p>Br\u00e9hat est fortement marqu\u00e9e par la saisonnalit\u00e9, avec une vie de village \u00e0 la saison froide &#8211; 200 \u00e0 250 selon les personnes interrog\u00e9es &#8211; et une activit\u00e9 toute enti\u00e8re tourn\u00e9e vers le tourisme et l&rsquo;organisation d&rsquo;une vie locale \u00e9largie par l&rsquo;arriv\u00e9e des r\u00e9sidents secondaires qui va en s&rsquo;amplifiant \u00e0 partir des vacances de P\u00e2ques. Chaque ann\u00e9e, environ 400 000 touristes viennent visiter l&rsquo;\u00eele, souvent \u00e0 la journ\u00e9e, et plus de 80% des habitations sont occup\u00e9es par des r\u00e9sidents secondaires.<\/p>\n<p>Historiquement, l&rsquo;agriculture \u00e9tait une pratique tr\u00e8s largement distribu\u00e9e sur l&rsquo;\u00eele. Avant la seconde guerre mondiale, alors que les hommes \u00e9taient \u00e0 la p\u00eache (\u00e0 proximit\u00e9 de l&rsquo;archipel comme dans les p\u00eaches au long cours), les femmes cultivaient la terre. Des pratiques d&rsquo;exportation (de pommes de terres primeur, notamment) et l&rsquo;agriculture vivri\u00e8re ont fa\u00e7onn\u00e9 des paysages pel\u00e9s, peu abrit\u00e9s du vent. L&rsquo;arriv\u00e9e d&rsquo;artistes \u00e0 la fin du XIX\u00e8me si\u00e8cle a rapidement fait de Br\u00e9hat un espace remarqu\u00e9 car remarquable, o\u00f9 se sont install\u00e9s de plus en plus de r\u00e9sidents secondaires. Les arbres et les fleurs ont fa\u00e7onn\u00e9 un nouveau paysage. Au sortir de la seconde guerre mondiale, l&rsquo;abb\u00e9 Menguy d\u00e9nombre une quinzaine d&rsquo;exploitations. L&rsquo;orientation pr\u00e9coce et massive de l&rsquo;\u00e9conomie vers le tourisme r\u00e9duit peu \u00e0 peu la surface d\u00e9di\u00e9e \u00e0 l&rsquo;agriculture, et le nombre d&rsquo;exploitations agricoles.<\/p>\n<p>Aujourd&rsquo;hui, les 5 exploitations (dont une en cours d&rsquo;installation) ont su tirer parti du tourisme et de la pr\u00e9sence de r\u00e9sidents secondaires pour se maintenir sur l&rsquo;\u00eele. Soit en d\u00e9veloppant une poly-activit\u00e9 tourn\u00e9e vers le tourisme (au sens large), soit en tirant parti de la r\u00e9putation de Br\u00e9hat comme \u00ab\u00a0\u00eele aux fleurs\u00a0\u00bb, soit en destinant une partie de la production aux touristes. Le maintien de ces exploitations est fragilis\u00e9 par des contraintes l\u00e9gales (quasi impossibilit\u00e9 de construire des b\u00e2timents agricoles, du fait de la loi littoral), par la vente de terrains \u00e0 des prix inaccessibles, par un changement d&rsquo;orientation des terres, par une r\u00e9tention fonci\u00e8re de la part de r\u00e9sidents secondaires, et par un tr\u00e8s fort morcellement du foncier. La taille des exploitations est un indicateur fort des difficult\u00e9s \u00e0 maintenir une place sur un espace tr\u00e8s urbanis\u00e9 et convoit\u00e9 : elles font entre 0,5 et 17 hectares, seulement. Pourtant, les conditions p\u00e9doclimatiques br\u00e9hatines (sols limoneux, douceur du climat) sont particuli\u00e8rement propices \u00e0 l&rsquo;activit\u00e9 agricole. Face \u00e0 ces particularit\u00e9s, seules des initiatives citoyennes et une volont\u00e9 politique peuvent participer \u00e0 redonner du souffle \u00e0 l&rsquo;agriculture en constituant des r\u00e9seaux d&rsquo;acteurs (locaux ou plus transversaux, comme le <a href=\"https:\/\/collectifagricoleiledyeu.wordpress.com\/category\/reseau-agricole-des-iles-atlantiques\/\">RAIA<\/a>).<\/p>\n<div id=\"attachment_1927\" style=\"width: 565px\" class=\"wp-caption aligncenter\"><a href=\"https:\/\/lecadastre.com\/plan-cadastral\/ile-de-brehat-22016\/\"><img aria-describedby=\"caption-attachment-1927\" loading=\"lazy\" class=\"size-full wp-image-1927\" src=\"http:\/\/www.parchemins.bzh\/wp-content\/uploads\/2019\/02\/cadastre-Br\u00e9hat.jpg\" alt=\"\" width=\"555\" height=\"572\" srcset=\"http:\/\/www.parchemins.bzh\/wp-content\/uploads\/2019\/02\/cadastre-Br\u00e9hat.jpg 555w, http:\/\/www.parchemins.bzh\/wp-content\/uploads\/2019\/02\/cadastre-Br\u00e9hat-291x300.jpg 291w\" sizes=\"(max-width: 555px) 100vw, 555px\" \/><\/a><p id=\"caption-attachment-1927\" class=\"wp-caption-text\">Le cadastre de Br\u00e9hat, tr\u00e8s morcel\u00e9<\/p><\/div>\n<p>Les enjeux associ\u00e9s au maintien de l&rsquo;agriculture sont pourtant nombreux : maintien d&rsquo;une vie \u00e0 l&rsquo;ann\u00e9e sur l&rsquo;\u00eele, maintien d&rsquo;une biodiversit\u00e9 et de paysages ouverts (lutte notamment contre les friches), coh\u00e9rence dans les circuits de production, vente et consommation, \u00e9largissement des ressources \u00e9conomiques des habitants de l&rsquo;\u00eele. Des initiatives \u00e9mergent pour d\u00e9velopper les activit\u00e9s agricoles sur l&rsquo;espace, et des discussions s&rsquo;amorcent \u00e0 l&rsquo;\u00e9chelle de l&rsquo;\u00eele, ench\u00e2ssant les questions agricoles dans une r\u00e9flexion bien plus vaste : quel avenir pour une vie \u00e0 l&rsquo;ann\u00e9e \u00e0 Br\u00e9hat ?<\/p>\n<div id=\"attachment_1926\" style=\"width: 620px\" class=\"wp-caption aligncenter\"><img aria-describedby=\"caption-attachment-1926\" loading=\"lazy\" class=\"size-large wp-image-1926\" src=\"http:\/\/www.parchemins.bzh\/wp-content\/uploads\/2019\/02\/20180110_173917-1024x768.jpg\" alt=\"\" width=\"610\" height=\"458\" srcset=\"http:\/\/www.parchemins.bzh\/wp-content\/uploads\/2019\/02\/20180110_173917-1024x768.jpg 1024w, http:\/\/www.parchemins.bzh\/wp-content\/uploads\/2019\/02\/20180110_173917-300x225.jpg 300w, http:\/\/www.parchemins.bzh\/wp-content\/uploads\/2019\/02\/20180110_173917-768x576.jpg 768w, http:\/\/www.parchemins.bzh\/wp-content\/uploads\/2019\/02\/20180110_173917-1320x990.jpg 1320w\" sizes=\"(max-width: 610px) 100vw, 610px\" \/><p id=\"caption-attachment-1926\" class=\"wp-caption-text\">Circulation d&rsquo;outils de maraichage \u00e0 v\u00e9lo. Janvier 2018<\/p><\/div>\n<p>Cette \u00e9mission radio laisse entendre une partie des enjeux et des int\u00e9r\u00eats li\u00e9s au maintien de l&rsquo;agriculture \u00e0 Br\u00e9hat, mais \u00e9galement sur d&rsquo;autres espaces littoraux et insulaires.<\/p>\n<!--[if lt IE 9]><script>document.createElement('audio');<\/script><![endif]-->\n<audio class=\"wp-audio-shortcode\" id=\"audio-1921-1\" preload=\"none\" style=\"width: 100%;\" controls=\"controls\"><source type=\"audio\/mpeg\" src=\"http:\/\/www.parchemins.bzh\/wp-content\/uploads\/2019\/02\/parchemins.mp3?_=1\" \/><a href=\"http:\/\/www.parchemins.bzh\/wp-content\/uploads\/2019\/02\/parchemins.mp3\">http:\/\/www.parchemins.bzh\/wp-content\/uploads\/2019\/02\/parchemins.mp3<\/a><\/audio>\n<p>Cette \u00e9mission est produite par Radio Activ&rsquo;<\/p>\n<p>Voir aussi en vid\u00e9o, <a href=\"https:\/\/youtu.be\/8aTBGW3RGiU\">ici<\/a><\/p>\n<p>Et dans la presse, ici : https:\/\/www.letelegramme.fr\/cotes-darmor\/paimpol\/nuit-des-idees-beauport-laboratoire-a-penser-01-02-2019-12198583.php#vYEQg7WZuRElItBL.99<\/p>\n<ul>\n<li>Enregistrement : <strong>David Morvan<\/strong><\/li>\n<li>Animation : <strong>Marcus.<\/strong><\/li>\n<\/ul>\n<p style=\"text-align: center;\">Diffusion : 6 f\u00e9vrier 2019 sur <a href=\"http:\/\/www.radio-activ.com\/\">http:\/\/www.radio-activ.com\/ <\/a><\/p>\n<p>Elle a \u00e9t\u00e9 enregistr\u00e9e \u00e0 l&rsquo;Abbaye de Beauport, dans le cadre de la Nuit des Id\u00e9es, avec Science frictions.<\/p>\n<p>Intervenant.e.s :<\/p>\n<ul>\n<li><strong>Anne-Laure Auffret<\/strong>, agricultrice en cours d\u2019installation \u00e0 Br\u00e9hat<\/li>\n<li><strong>Jean-Philippe Outin<\/strong>, pr\u00e9sident de Fert\u2019\u00eele, association impliqu\u00e9e dans le d\u00e9veloppement de l\u2019agriculture \u00e0 Br\u00e9hat<\/li>\n<li><strong>Didier Olivry<\/strong>, d\u00e9l\u00e9gu\u00e9 r\u00e9gional du Conservatoire du Littoral<\/li>\n<li><strong>J\u00e9r\u00f4me Cardinal<\/strong>, stagiaire en Master 2 de sciences politiques et anthropologie, membre du projet Parchemins<\/li>\n<li><strong>Sandrine Dup\u00e9<\/strong>, anthropologue, chercheure associ\u00e9e au Mus\u00e9um national d\u2019histoire naturelle, membre du projet Parchemins pour l\u2019Ireps Bretagne<\/li>\n<\/ul>\n","protected":false},"excerpt":{"rendered":"<p>Dans le cadre de la Nuit des Id\u00e9es, \u00e0 l&rsquo;abbaye de Beauport, l&rsquo;agriculture br\u00e9hatine a \u00e9t\u00e9 mise \u00e0 l&rsquo;honneur lors d&rsquo;un plateau radio, l&rsquo;occasion de donner \u00e0 entendre la complexit\u00e9 du maintien de l&rsquo;activit\u00e9 agricole sur une \u00eele. Br\u00e9hat est fortement marqu\u00e9e par la saisonnalit\u00e9, avec une vie de village \u00e0 la saison froide &#8211; [&hellip;]<\/p>\n","protected":false},"author":4,"featured_media":1926,"comment_status":"open","ping_status":"open","sticky":false,"template":"","format":"standard","meta":[],"categories":[3,5,1],"tags":[28,31,29,41,32,26],"_links":{"self":[{"href":"http:\/\/www.parchemins.bzh\/index.php\/wp-json\/wp\/v2\/posts\/1921"}],"collection":[{"href":"http:\/\/www.parchemins.bzh\/index.php\/wp-json\/wp\/v2\/posts"}],"about":[{"href":"http:\/\/www.parchemins.bzh\/index.php\/wp-json\/wp\/v2\/types\/post"}],"author":[{"embeddable":true,"href":"http:\/\/www.parchemins.bzh\/index.php\/wp-json\/wp\/v2\/users\/4"}],"replies":[{"embeddable":true,"href":"http:\/\/www.parchemins.bzh\/index.php\/wp-json\/wp\/v2\/comments?post=1921"}],"version-history":[{"count":10,"href":"http:\/\/www.parchemins.bzh\/index.php\/wp-json\/wp\/v2\/posts\/1921\/revisions"}],"predecessor-version":[{"id":1999,"href":"http:\/\/www.parchemins.bzh\/index.php\/wp-json\/wp\/v2\/posts\/1921\/revisions\/1999"}],"wp:featuredmedia":[{"embeddable":true,"href":"http:\/\/www.parchemins.bzh\/index.php\/wp-json\/wp\/v2\/media\/1926"}],"wp:attachment":[{"href":"http:\/\/www.parchemins.bzh\/index.php\/wp-json\/wp\/v2\/media?parent=1921"}],"wp:term":[{"taxonomy":"category","embeddable":true,"href":"http:\/\/www.parchemins.bzh\/index.php\/wp-json\/wp\/v2\/categories?post=1921"},{"taxonomy":"post_tag","embeddable":true,"href":"http:\/\/www.parchemins.bzh\/index.php\/wp-json\/wp\/v2\/tags?post=1921"}],"curies":[{"name":"wp","href":"https:\/\/api.w.org\/{rel}","templated":true}]}}